{"id":2051,"date":"2026-08-31T08:34:53","date_gmt":"2026-08-31T06:34:53","guid":{"rendered":"https:\/\/crkdr-nouvelleaquitaine.fr\/?p=2051"},"modified":"2026-08-31T08:35:06","modified_gmt":"2026-08-31T06:35:06","slug":"inscription-pour-le-certificat-danimateur-federal-denseignant-benevole","status":"publish","type":"post","link":"https:\/\/crkdr-nouvelleaquitaine.fr\/index.php\/2026\/08\/31\/inscription-pour-le-certificat-danimateur-federal-denseignant-benevole\/","title":{"rendered":"Inscription pour le Certificat d&#8217;Animateur F\u00e9d\u00e9ral d&#8217;enseignant b\u00e9n\u00e9vole"},"content":{"rendered":"\n<p><\/p>\n\n\n\n<p><strong>MESSAGE du CNKDR<\/strong>  : <\/p>\n\n\n\n<p><em>Les pr\u00e9-inscriptions au Certificat d&#8217;Animateur F\u00e9d\u00e9ral ouvrent samedi 29 ao\u00fbt et seront closes le mercredi 7 octobre au soir. Vous trouverez le lien sur le site du CNKDR.<\/em><\/p>\n\n\n\n<p><em>Une fois la pr\u00e9-inscription valid\u00e9e, un lien sera transmis aux candidats pour effectuer le paiement qui confirmera l&#8217;inscription d\u00e9finitive.\u00a0<\/em><\/p>\n\n\n\n<p><em>Les informations pr\u00e9cises sur le programme de la formation leur seront transmises prochainement.<\/em><\/p>\n\n\n\n<p><em>Nous vous remercions de bien vouloir transmettre cette information aux diff\u00e9rents clubs de votre r\u00e9gion, toutes disciplines confondues.<\/em><\/p>\n\n\n\n<figure class=\"wp-block-embed is-type-wp-embed is-provider-comit-national-de-kendo-et-disciplines-rattach-es wp-block-embed-comit-national-de-kendo-et-disciplines-rattach-es\"><div class=\"wp-block-embed__wrapper\">\n<div class=\"fitvids-video\"><blockquote class=\"wp-embedded-content\" data-secret=\"q4FdYHCVtc\"><a href=\"https:\/\/cnkendo-dr.com\/enseignement\/\">Enseignement<\/a><\/blockquote><iframe loading=\"lazy\" class=\"wp-embedded-content\" sandbox=\"allow-scripts\" security=\"restricted\" style=\"position: absolute; visibility: hidden;\" title=\"\u00ab\u00a0Enseignement\u00a0\u00bb &#8212; Comit\u00e9 National de Kendo et Disciplines Rattach\u00e9es\" src=\"https:\/\/cnkendo-dr.com\/enseignement\/embed\/#?secret=T1sbBB1uhM#?secret=q4FdYHCVtc\" data-secret=\"q4FdYHCVtc\" width=\"600\" height=\"338\" frameborder=\"0\" marginwidth=\"0\" marginheight=\"0\" scrolling=\"no\"><\/iframe><\/div>\n<\/div><\/figure>\n\n\n\n<p>Pour information, le CAF remplace depuis la saison pass\u00e9e l&#8217;ancien CFEB.<\/p>\n\n\n\n<p>Voici, ci apr\u00e8s, les- informations relatives aux conditions d&#8217;acc\u00e8s au cursus, fournies la saison pass\u00e9e par le CNKDR &#8211; bonne lecture &#8211;  :  <\/p>\n\n\n\n<p><strong>Objectifs g\u00e9n\u00e9raux<\/strong><\/p>\n\n\n\n<p>Le<strong> certificat d\u2019Animateur F\u00e9d\u00e9ral<\/strong> propos\u00e9 le CNKDR est un dispositif d\u00e9rogatoire aux dipl\u00f4mes professionnels, en collaboration avec les CRKDR. Il vise en priorit\u00e9 \u00e0 r\u00e9pondre aux besoins d\u2019encadrement des petites associations.<\/p>\n\n\n\n<p>Le titulaire du <strong>C<\/strong>ertificat d\u2019<strong>A<\/strong>nimateur <strong>F<\/strong>\u00e9d\u00e9ral peut exercer son activit\u00e9 en autonomie p\u00e9dagogique dans une association du CNKDR.<\/p>\n\n\n\n<p>Le certificat est d\u00e9livr\u00e9 par le CNKDR et il est conditionn\u00e9 \u00e0 un maintient des acquis et des comp\u00e9tences \u00e0 travers la participation \u00e0 un ou plusieurs stages r\u00e9gionaux et\/ou nationaux sur l\u2019Olympiade.<\/p>\n\n\n\n<p><strong>Objectifs op\u00e9rationnels et comp\u00e9tences vis\u00e9es<\/strong><\/p>\n\n\n\n<p>Le <strong>C<\/strong>ertificat d\u2019<strong>A<\/strong>nimateur <strong>F<\/strong>\u00e9d\u00e9ral (CAF) autorise son titulaire \u00e0 :<\/p>\n\n\n\n<ul class=\"wp-block-list\">\n<li>Enseigner b\u00e9n\u00e9volement le Kendo et les disciples rattach\u00e9es (Iaido, Jodo, Naginata, Chambara) en autonomie p\u00e9dagogique dans une association affili\u00e9e \u00e0 la FFJDA\/CNKDR, et exclusivement sur les sp\u00e9cificit\u00e9s valid\u00e9es par la certification (Socle commun + socle(s) sp\u00e9cifique(s).)<\/li>\n\n\n\n<li>D\u00e9livrer les grades Kyus en fonction des sp\u00e9cificit\u00e9s valid\u00e9es par la certification (socle commun + socle(s) sp\u00e9cifique(s).)<\/li>\n\n\n\n<li>Intervenir en autonomie p\u00e9dagogique dans une association du CNKDR et y assurer les cours et exclusivement sur les sp\u00e9cificit\u00e9s valid\u00e9es par la certification (socle commun + socle(s) sp\u00e9cifique(s).)<\/li>\n\n\n\n<li>Intervenir en autonomie p\u00e9dagogique, sur n\u2019importe quel public, dans une association affili\u00e9e au CNKDR et \u00eatre en possession d\u2019une licence en cours.<\/li>\n<\/ul>\n\n\n\n<p><strong>Parcours de formation<\/strong><\/p>\n\n\n\n<p>Le <strong>C<\/strong>ertificat d\u2019<strong>A<\/strong>nimateur <strong>F<\/strong>\u00e9d\u00e9ral pour l\u2019enseignement b\u00e9n\u00e9vole est obtenu apr\u00e8s :<\/p>\n\n\n\n<p>1. Une formation et validation d\u2019un \u00ab <strong>Socle commun <\/strong>\u00bb d\u2019une dur\u00e9e minimale de 40 heures comprenant les th\u00e8mes suivants :<\/p>\n\n\n\n<ul class=\"wp-block-list\">\n<li>R\u00e9glementation et s\u00e9curit\u00e9 ;<\/li>\n\n\n\n<li>Les caract\u00e9ristiques des publics ;<\/li>\n\n\n\n<li>Les fondamentaux de sa discipline ;<\/li>\n\n\n\n<li>Les fondamentaux de la p\u00e9dagogie et de l\u2019animation ;<\/li>\n\n\n\n<li>La validation du parcours FOAD \u00ab lutte contre les d\u00e9rives \u00bb en FOAD sur la plate-forme f\u00e9d\u00e9rale :<\/li>\n<\/ul>\n\n\n\n<p>v&#8217; Module \u00e9thique et d\u00e9ontologie v&#8217; Module Violence<\/p>\n\n\n\n<ul class=\"wp-block-list\">\n<li>La validation du parcours FOAD \u00ab Commotion c\u00e9r\u00e9brale \u00bb sur la plate-forme f\u00e9d\u00e9rale ;<\/li>\n<\/ul>\n\n\n\n<p>2. Une formation et validation d\u2019un \u00ab <strong>Socle sp\u00e9cifique <\/strong>\u00bb d\u2019une dur\u00e9e minimale de 14 heures. Le candidat a le choix de s\u2019inscrire sur un ou plusieurs socle(s) sp\u00e9cifique(s) en fonction des disciplines et comp\u00e9tences qu\u2019il souhaite utiliser.<\/p>\n\n\n\n<p>Les socles sp\u00e9cifiques sont :<\/p>\n\n\n\n<ul class=\"wp-block-list\">\n<li>Le KENDO ;<\/li>\n\n\n\n<li>Le IA\u00cfDO ;<\/li>\n\n\n\n<li>Le JODO ;<\/li>\n\n\n\n<li>Le NAGINATA ;<\/li>\n\n\n\n<li>Le CHANBARA.<\/li>\n<\/ul>\n\n\n\n<p>3. Une exp\u00e9rience p\u00e9dagogique, sous le contr\u00f4le d\u2019un tuteur titulaire d\u2019un dipl\u00f4me professionnel ou b\u00e9n\u00e9vole et reconnu par le CNKDR, d\u2019une dur\u00e9e minimale de 50 heures dans une association affili\u00e9e au CNKDR au sein de la FFJDA ou \u00e0 travers les ateliers \u00ab&nbsp;enseignement&nbsp;\u00bb pr\u00e9sent lors des stages r\u00e9gionaux\/nationaux. Cette alternance se fera sur les th\u00e8mes suivants :<\/p>\n\n\n\n<ul class=\"wp-block-list\">\n<li>Les points du socle commun<\/li>\n\n\n\n<li>Le(s) socle(s) sp\u00e9cifique(s) pr\u00e9par\u00e9(s<\/li>\n<\/ul>\n\n\n\n<p><strong>Les exigences pr\u00e9alables \u00e0 l\u201bentr\u00e9e en formation<\/strong><\/p>\n\n\n\n<p>L\u2019inscription \u00e0 la formation par le candidat est conditionn\u00e9e par les dispositions suivantes :<\/p>\n\n\n\n<ul class=\"wp-block-list\">\n<li>Avoir un club d\u2019alternance, un tuteur ayant un dipl\u00f4me d\u2019enseignant (BEES\/BPJEPS\/BFEK\/BFHEK\/CFEB etc. autorisant l\u2019enseignement du Kendo et des DR, appel\u00e9 \u00ab\u00a0formateur r\u00e9f\u00e9rent\u00a0\u00bb<\/li>\n\n\n\n<li>\u00catre \u00e2g\u00e9 d\u2019au moins 18 ans, le jour de la certification.<\/li>\n\n\n\n<li>\u00catre au moins Ceinture Noire 1<sup>er<\/sup> Dan<\/li>\n\n\n\n<li>Fournir le dossier d\u2019inscription complet avec le curriculum vit\u00e6 mentionnant notamment le cursus en Kendo et DR ainsi que les dipl\u00f4mes obtenus et les motivations du candidat.,<\/li>\n\n\n\n<li>Fournir un extrait N3 du casier judiciaire ou pi\u00e8ce identique certifi\u00e9e exacte pour les \u00e9trangers.<\/li>\n\n\n\n<li>\u00catre licenci\u00e9 \u00e0 la FFJDA pour la saison en cours.<\/li>\n\n\n\n<li>Fournir un certificat m\u00e9dical de non-contre-indication \u00e0 la pratique et \u00e0 l\u2019enseignement du Kendo et DR<\/li>\n<\/ul>\n\n\n\n<ul class=\"wp-block-list\">\n<li>\u00catre titulaire d\u2019un dipl\u00f4me de 1<sup>ers<\/sup> secours (PSC1 ou \u00e9quivalence. Ex\u00a0: professionnels de sant\u00e9)<\/li>\n\n\n\n<li>Un document stipulant son engagement sur l\u2019honneur d\u2019enseigner \u00e0 titre b\u00e9n\u00e9vole.<\/li>\n\n\n\n<li>A l\u2019entr\u00e9e en formation, un positionnement sera propos\u00e9 au candidat<\/li>\n<\/ul>\n\n\n\n<p>Les dossiers de candidatures seront \u00e0 d\u00e9poser aupr\u00e8s du CNKDR avant le <strong>(voir les infos \u00e0 jour sur le site France Kendo)<\/strong><\/p>\n\n\n\n<p><strong>Le positionnement<\/strong><\/p>\n\n\n\n<p>A l\u2019entr\u00e9e en formation, un positionnement sera propos\u00e9 aux candidats.<\/p>\n\n\n\n<p>Le jury, en fonction des niveaux techniques, p\u00e9dagogiques et des qualifications acquises par les candidats pr\u00e9sent\u00e9es dans le dossier d\u2019inscription et \u00e0 la demande de ces derniers pourra les all\u00e9ger de tout ou partie du stage p\u00e9dagogique et de la formation. Passerelles inter dipl\u00f4mes et VAE<\/p>\n\n\n\n<p><strong>Les comp\u00e9tences attendues<\/strong><\/p>\n\n\n\n<p>Au terme de la formation les candidats devront sur le <strong>socle commun :<\/strong><\/p>\n\n\n\n<p><strong>Maitriser les aspects suivants de la r\u00e8glementation et de la s\u00e9curit\u00e9 :<\/strong><\/p>\n\n\n\n<ul class=\"wp-block-list\">\n<li>\u00catre capable d\u2019\u00e9noncer les \u00e9l\u00e9ments relevant de la d\u00e9ontologie, de l\u2019\u00e9thique et de la responsabilit\u00e9 de l\u2019enseignant de Kendo et DR<\/li>\n\n\n\n<li>\u00catre capable d\u2019\u00e9noncer la conduite \u00e0 tenir en cas d\u2019accident survenu dans le dojo<\/li>\n\n\n\n<li>\u00catre capable d\u2019\u00e9noncer les normes techniques et r\u00e9glementaires relatives \u00e0 l\u2019environnement mat\u00e9riel pour une pratique s\u00e9curitaire : sol, hauteur sous plafond, protections, la qualit\u00e9 et l\u2019\u00e9tat des armes, vestiaires, s\u00e9curit\u00e9 des installations ; sur la base des textes en vigueur<\/li>\n\n\n\n<li>\u00catre capable d\u2019adapter les r\u00e8gles de s\u00e9curit\u00e9 \u00e0 l\u2019environnement du lieu de pratique<\/li>\n\n\n\n<li>\u00catre capable d\u2019\u00e9noncer les obligations en mati\u00e8re d\u2019assurance<\/li>\n\n\n\n<li>\u00catre capable d\u2019expliciter les donn\u00e9es \u00e9l\u00e9mentaires relatives \u00e0 la vie statutaire des associations<\/li>\n\n\n\n<li>\u00catre capable d\u2019ex\u00e9cuter les t\u00e2ches li\u00e9es \u00e0 l\u2019inscription des licenci\u00e9s au club et aux activit\u00e9s f\u00e9d\u00e9rales (licences, passeports, engagements aux activit\u00e9s f\u00e9d\u00e9rales).<\/li>\n<\/ul>\n\n\n\n<p><strong>Maitriser les aspects techniques de base suivants :<\/strong><\/p>\n\n\n\n<ul class=\"wp-block-list\">\n<li>\u00catre capable de d\u00e9montrer les habilet\u00e9s techniques fondamentales (Ki ken tai no ichi)<\/li>\n\n\n\n<li>\u00catre capable de d\u00e9montrer, l\u2019ensemble des techniques de base (kata, kihons, etc.)<\/li>\n\n\n\n<li>\u00catre capable d\u2019expliciter la terminologie japonaise<\/li>\n\n\n\n<li>\u00catre capable de d\u00e9montrer les proc\u00e9d\u00e9s d\u2019apprentissage et d\u2019application en fonction de sa discipline<\/li>\n<\/ul>\n\n\n\n<p><strong>Maitriser les aspects p\u00e9dagogiques :<\/strong><\/p>\n\n\n\n<ul class=\"wp-block-list\">\n<li>\u00catre capable de pr\u00e9senter oralement son activit\u00e9, son historique et ses finalit\u00e9s<\/li>\n\n\n\n<li>\u00catre capable d\u2019expliciter les connaissances p\u00e9dagogiques de base appliqu\u00e9es au Kendo et DR<\/li>\n<\/ul>\n\n\n\n<p>(entraide, s\u00e9curit\u00e9 active, respect des partenaires, organisation du dojo, conduite au dojo)<\/p>\n\n\n\n<ul class=\"wp-block-list\">\n<li>\u00catre capable de pr\u00e9parer et de conduire un cycle de s\u00e9ances<\/li>\n\n\n\n<li>\u00catre capable de conseiller et de corriger individuellement les \u00e9l\u00e8ves<\/li>\n\n\n\n<li>\u00catre capable d\u2019organiser les passages de grade au sein du club<\/li>\n\n\n\n<li>\u00catre capable d\u2019organiser et de r\u00e9guler un \u00e9change oral avec un groupe d\u2019\u00e9l\u00e8ves<\/li>\n\n\n\n<li>\u00catre capable d\u2019accompagner des collectifs sur des animations<\/li>\n\n\n\n<li>\u00catre capable d\u2019assurer une stricte s\u00e9curit\u00e9 lors de la pratique au niveau des individus et de l\u2019environnement mat\u00e9riel.<\/li>\n<\/ul>\n\n\n\n<p>Sur les <strong>socles de comp\u00e9tences sp\u00e9cifiques <\/strong>:<\/p>\n\n\n\n<ul class=\"wp-block-list\">\n<li>Connaitre les caract\u00e9ristiques morphologiques, physiques, physiologiques et psychologiques du public cible<\/li>\n\n\n\n<li>Ma\u00eetriser les aspects p\u00e9dagogiques et techniques adapt\u00e9s \u00e0 sa discipline<\/li>\n\n\n\n<li>\u00catre capable d\u2019\u00e9laborer des cycles annuels avec des s\u00e9ances adapt\u00e9es \u00e0 sa discipline<\/li>\n\n\n\n<li>\u00catre capable de diriger et d\u2019\u00e9valuer des s\u00e9ances adapt\u00e9es et dos\u00e9es \u00e0 sa discipline<\/li>\n\n\n\n<li>\u00catre capable de conduire et r\u00e9guler des s\u00e9ances et des cycles d\u2019enseignement<\/li>\n\n\n\n<li>\u00catre capable de conseiller et de corriger individuellement les \u00e9l\u00e8ves du public cible, sur leurs r\u00e9alisations techniques et de les orienter sur les diff\u00e9rentes possibilit\u00e9s d\u2019expression<\/li>\n\n\n\n<li>\u00catre capable d\u2019orienter chaque \u00e9l\u00e8ve vers les animations, les comp\u00e9titions et domaines d\u2019activit\u00e9s qui lui conviennent<\/li>\n\n\n\n<li>\u00catre capable d\u2019inculquer des r\u00e8gles de pratique en fonction du public cible (cat\u00e9gories d\u2019\u00e2ge)<\/li>\n<\/ul>\n\n\n\n<p><strong>L\u201bexamen final<\/strong><\/p>\n\n\n\n<p>Un examen final comprenant les \u00e9preuves suivantes :<\/p>\n\n\n\n<ol style=\"list-style-type:upper-alpha\" class=\"wp-block-list\">\n<li><strong>Certification du socle commun (1h30 maximum) \u2013 Jury compos\u00e9 de 2 personnes \u00e0 minima <\/strong><strong>Haut grad\u00e9 et enseignant dipl\u00f4m\u00e9 (BPJEPS, Brevet d\u2019\u00e9tat ou brevets f\u00e9d\u00e9raux, enseignant r\u00e9f\u00e9rent)<\/strong><\/li>\n<\/ol>\n\n\n\n<p><strong>\u00c9preuve 1<\/strong><strong> (1heure maximum) \u2013 La p\u00e9dagogie (\u00e9preuve th\u00e9orique)&nbsp;:<\/strong><\/p>\n\n\n\n<ul class=\"wp-block-list\">\n<li>Apr\u00e8s tirage au sort d\u2019un sujet, pr\u00e9parer pendant 45 minutes un cycle adapt\u00e9 au public cible choisi ;<\/li>\n\n\n\n<li>S\u2019entretenir avec un jury durant 15 minutes pour pr\u00e9senter et justifier les choix et l\u2019int\u00e9r\u00eat des s\u00e9ances composant le cycle ;<\/li>\n\n\n\n<li>Pr\u00e9senter les aspects p\u00e9dagogiques fondamentaux.<\/li>\n<\/ul>\n\n\n\n<p><strong>\u00c9preuve 2<\/strong><strong> (15 minutes maximum) \u2013 La technique (\u00e9preuve pratique) :<\/strong><\/p>\n\n\n\n<p><strong>D\u00e9monstration technique libre de 5 minutes <\/strong>de sa discipline.<\/p>\n\n\n\n<ul class=\"wp-block-list\">\n<li>Pr\u00e9senter une d\u00e9monstration technique choisie par vous, avec un support \u00e9crit (Comment je r\u00e9alise et perfectionne la technique)<\/li>\n\n\n\n<li>La d\u00e9monstration est suivie d\u2019un entretien de 10 minutes sur les aspects fondamentaux et s\u00e9curitaires de la pratique.<\/li>\n<\/ul>\n\n\n\n<p>Des d\u00e9monstrations et pr\u00e9cisions sur des points techniques, exercices d\u2019entra\u00eenement&#8230; pourront \u00eatre demand\u00e9es par le jury.<\/p>\n\n\n\n<p><strong>\u00c9preuve 3<\/strong><strong> (15 minutes maximum) \u2013 La r\u00e9glementation et la s\u00e9curit\u00e9 (\u00e9preuve th\u00e9orique)&nbsp;:<\/strong><\/p>\n\n\n\n<ul class=\"wp-block-list\">\n<li>Expos\u00e9 de 5 minutes sur la synth\u00e8se des actions men\u00e9es dans la structure d\u2019alternance et\/ou dans les stages r\u00e9gionaux et nationaux (Un livret de suivi de parcours du candidat sera remis en d\u00e9but de formation)<\/li>\n\n\n\n<li>Entretien de 10 minutes avec le jury sur la r\u00e9glementation de base et les aspects s\u00e9curitaires (questions\/r\u00e9ponses)<\/li>\n<\/ul>\n\n\n\n<p>Le jury d\u2019examen contr\u00f4lera \u00e0 l\u2019aide du livret de progression, que les heures de pratiques demand\u00e9es dans le socle commun et le socle sp\u00e9cifique ont bien \u00e9t\u00e9 r\u00e9alis\u00e9es et que les comp\u00e9tences ont \u00e9t\u00e9 acquises (signatures de formateurs r\u00e9f\u00e9rents sur le livret de progression du stagiaire). Que le candidat \u00e0 bien suivi les formations obligatoires en FOAD<\/p>\n\n\n\n<p><strong>B. Certification du socle sp\u00e9cifique (1h15 maximum) \u2013 Jury compos\u00e9 de 2 personnes \u00e0 minima <\/strong><strong>Haut grad\u00e9 et enseignant dipl\u00f4m\u00e9 (BPJEPS, Brevet d\u2019\u00e9tat ou brevets f\u00e9d\u00e9raux, formateurs r\u00e9f\u00e9rents<\/strong><strong>)<\/strong><strong> :<\/strong><\/p>\n\n\n\n<p><strong>\u00c9preuve 1<\/strong><strong> (45 minutes maximum) \u2013 La p\u00e9dagogie (\u00e9preuve pratique):<\/strong><\/p>\n\n\n\n<ul class=\"wp-block-list\">\n<li>Tirer au sort une des 4 s\u00e9ances (sur 4 th\u00e8mes diff\u00e9rents) pr\u00e9par\u00e9es en amont par le(la) candidat(e) et adapt\u00e9e au public cible ;<\/li>\n\n\n\n<li>Diriger la s\u00e9ance sur une dur\u00e9e de 30 minutes en choisissant les exercices les plus pertinents ;<\/li>\n\n\n\n<li>Entretien de 15 minutes avec le jury pour justifier du choix et de l\u2019int\u00e9r\u00eat des exercices composant la s\u00e9ance.<\/li>\n<\/ul>\n\n\n\n<p><strong>\u00c9preuve 2<\/strong><strong> (15 minutes maximum) \u2013 La technique li\u00e9e au public sp\u00e9cifique du socle (\u00e9preuve pratique):<\/strong><\/p>\n\n\n\n<p><strong>choisir un exercice et l\u2019expliquer<\/strong><\/p>\n\n\n\n<ul class=\"wp-block-list\">\n<li>D\u00e9monstration technique libre de 5 minutes sur la progression de l\u2019exercice en fonction du public cible ;<\/li>\n\n\n\n<li>La d\u00e9monstration est suivie d\u2019un entretien de 10 minutes sur les aspects fondamentaux et s\u00e9curitaires de la pratique ;<\/li>\n\n\n\n<li>Des d\u00e9monstrations et pr\u00e9cisions sur des points techniques, exercices d\u2019entra\u00eenement&#8230; pourront \u00eatre demand\u00e9es par le jury.<\/li>\n<\/ul>\n\n\n\n<p><strong>\u00c9preuve 3<\/strong><strong> (15 minutes maximum) \u2013 La r\u00e9glementation et la s\u00e9curit\u00e9 (\u00e9preuve th\u00e9orique)<\/strong><\/p>\n\n\n\n<ul class=\"wp-block-list\">\n<li>Expos\u00e9 de 5 minutes sur la synth\u00e8se des actions men\u00e9es dans la structure d\u2019alternance dans le cadre de l\u2019accompagnement des pratiquants de sa discipline (rapport d\u2019alternance);<\/li>\n\n\n\n<li>Entretien avec le jury sur la r\u00e9glementation et les aspects s\u00e9curitaires li\u00e9s au public cible (Questions\/r\u00e9ponses.)<\/li>\n<\/ul>\n\n\n\n<p><\/p>\n\n\n\n<p><strong>\u00c9quipe p\u00e9dagogique<\/strong><\/p>\n\n\n\n<p>L&#8217;\u00e9quipe des formateurs est constitu\u00e9e d&#8217;experts de la discipline dont les comp\u00e9tences sont attest\u00e9es par leur exp\u00e9rience ou leur dipl\u00f4me : Conseillers Techniques F\u00e9d\u00e9raux membres de l\u2019\u00c9quipe Technique R\u00e9gionale, formateurs r\u00e9gionaux, \u00e9lus et haut-grad\u00e9s.<\/p>\n\n\n\n<p>Deux responsables de formation r\u00e9gionale sont nomm\u00e9s sur liste par leur CRKDR ou par la commission en charge de la discipline en d\u00e9but de saison sportive. Ces listes seront approuv\u00e9es par le CNKDR.<\/p>\n\n\n\n<p><br><\/p>\n","protected":false},"excerpt":{"rendered":"<p>MESSAGE du CNKDR : Les pr\u00e9-inscriptions au Certificat d&#8217;Animateur F\u00e9d\u00e9ral ouvrent samedi 29 ao\u00fbt et seront closes le mercredi 7 octobre au soir. Vous trouverez &hellip; <\/p>\n","protected":false},"author":9,"featured_media":0,"comment_status":"closed","ping_status":"closed","sticky":false,"template":"","format":"standard","meta":{"footnotes":""},"categories":[13,1],"tags":[],"class_list":["post-2051","post","type-post","status-publish","format-standard","hentry","category-crkdr-nouvelle-aquitaine","category-non-classe"],"yoast_head":"<!-- This site is optimized with the Yoast SEO plugin v15.1.1 - https:\/\/yoast.com\/wordpress\/plugins\/seo\/ -->\n<title>Inscription pour le Certificat d&#039;Animateur F\u00e9d\u00e9ral d&#039;enseignant b\u00e9n\u00e9vole - CRKDR Nouvelle Aquitaine<\/title>\n<meta name=\"robots\" content=\"index, follow, max-snippet:-1, max-image-preview:large, max-video-preview:-1\" \/>\n<link rel=\"canonical\" href=\"https:\/\/crkdr-nouvelleaquitaine.fr\/index.php\/2026\/08\/31\/inscription-pour-le-certificat-danimateur-federal-denseignant-benevole\/\" \/>\n<meta property=\"og:locale\" content=\"fr_FR\" \/>\n<meta property=\"og:type\" content=\"article\" \/>\n<meta property=\"og:title\" content=\"Inscription pour le Certificat d&#039;Animateur F\u00e9d\u00e9ral d&#039;enseignant b\u00e9n\u00e9vole - CRKDR Nouvelle Aquitaine\" \/>\n<meta property=\"og:description\" content=\"MESSAGE du CNKDR : Les pr\u00e9-inscriptions au Certificat d&#8217;Animateur F\u00e9d\u00e9ral ouvrent samedi 29 ao\u00fbt et seront closes le mercredi 7 octobre au soir. Vous trouverez &hellip;\" \/>\n<meta property=\"og:url\" content=\"https:\/\/crkdr-nouvelleaquitaine.fr\/index.php\/2026\/08\/31\/inscription-pour-le-certificat-danimateur-federal-denseignant-benevole\/\" \/>\n<meta property=\"og:site_name\" content=\"CRKDR Nouvelle Aquitaine\" \/>\n<meta property=\"article:published_time\" content=\"2026-08-31T06:34:53+00:00\" \/>\n<meta property=\"article:modified_time\" content=\"2026-08-31T06:35:06+00:00\" \/>\n<meta name=\"twitter:card\" content=\"summary_large_image\" \/>\n<script type=\"application\/ld+json\" class=\"yoast-schema-graph\">{\"@context\":\"https:\/\/schema.org\",\"@graph\":[{\"@type\":\"WebSite\",\"@id\":\"https:\/\/crkdr-nouvelleaquitaine.fr\/#website\",\"url\":\"https:\/\/crkdr-nouvelleaquitaine.fr\/\",\"name\":\"CRKDR Nouvelle Aquitaine\",\"description\":\"Les escrimes japonaises \\u00e0 d\\u00e9couvrir en Nouvelle Aquitaine\",\"potentialAction\":[{\"@type\":\"SearchAction\",\"target\":\"https:\/\/crkdr-nouvelleaquitaine.fr\/?s={search_term_string}\",\"query-input\":\"required name=search_term_string\"}],\"inLanguage\":\"fr-FR\"},{\"@type\":\"WebPage\",\"@id\":\"https:\/\/crkdr-nouvelleaquitaine.fr\/index.php\/2026\/08\/31\/inscription-pour-le-certificat-danimateur-federal-denseignant-benevole\/#webpage\",\"url\":\"https:\/\/crkdr-nouvelleaquitaine.fr\/index.php\/2026\/08\/31\/inscription-pour-le-certificat-danimateur-federal-denseignant-benevole\/\",\"name\":\"Inscription pour le Certificat d'Animateur F\\u00e9d\\u00e9ral d'enseignant b\\u00e9n\\u00e9vole - CRKDR Nouvelle Aquitaine\",\"isPartOf\":{\"@id\":\"https:\/\/crkdr-nouvelleaquitaine.fr\/#website\"},\"datePublished\":\"2026-08-31T06:34:53+00:00\",\"dateModified\":\"2026-08-31T06:35:06+00:00\",\"author\":{\"@id\":\"https:\/\/crkdr-nouvelleaquitaine.fr\/#\/schema\/person\/67424ccad1832a736e3251d6bb9f4b67\"},\"inLanguage\":\"fr-FR\",\"potentialAction\":[{\"@type\":\"ReadAction\",\"target\":[\"https:\/\/crkdr-nouvelleaquitaine.fr\/index.php\/2026\/08\/31\/inscription-pour-le-certificat-danimateur-federal-denseignant-benevole\/\"]}]},{\"@type\":\"Person\",\"@id\":\"https:\/\/crkdr-nouvelleaquitaine.fr\/#\/schema\/person\/67424ccad1832a736e3251d6bb9f4b67\",\"name\":\"Jean-Christophe Canivet\",\"image\":{\"@type\":\"ImageObject\",\"@id\":\"https:\/\/crkdr-nouvelleaquitaine.fr\/#personlogo\",\"inLanguage\":\"fr-FR\",\"url\":\"https:\/\/secure.gravatar.com\/avatar\/a2a752ce2ab4d20149f19a587ec876143efa4f106be4157362423c841ce583f6?s=96&d=mm&r=g\",\"caption\":\"Jean-Christophe Canivet\"}}]}<\/script>\n<!-- \/ Yoast SEO plugin. -->","_links":{"self":[{"href":"https:\/\/crkdr-nouvelleaquitaine.fr\/index.php\/wp-json\/wp\/v2\/posts\/2051","targetHints":{"allow":["GET"]}}],"collection":[{"href":"https:\/\/crkdr-nouvelleaquitaine.fr\/index.php\/wp-json\/wp\/v2\/posts"}],"about":[{"href":"https:\/\/crkdr-nouvelleaquitaine.fr\/index.php\/wp-json\/wp\/v2\/types\/post"}],"author":[{"embeddable":true,"href":"https:\/\/crkdr-nouvelleaquitaine.fr\/index.php\/wp-json\/wp\/v2\/users\/9"}],"replies":[{"embeddable":true,"href":"https:\/\/crkdr-nouvelleaquitaine.fr\/index.php\/wp-json\/wp\/v2\/comments?post=2051"}],"version-history":[{"count":1,"href":"https:\/\/crkdr-nouvelleaquitaine.fr\/index.php\/wp-json\/wp\/v2\/posts\/2051\/revisions"}],"predecessor-version":[{"id":2053,"href":"https:\/\/crkdr-nouvelleaquitaine.fr\/index.php\/wp-json\/wp\/v2\/posts\/2051\/revisions\/2053"}],"wp:attachment":[{"href":"https:\/\/crkdr-nouvelleaquitaine.fr\/index.php\/wp-json\/wp\/v2\/media?parent=2051"}],"wp:term":[{"taxonomy":"category","embeddable":true,"href":"https:\/\/crkdr-nouvelleaquitaine.fr\/index.php\/wp-json\/wp\/v2\/categories?post=2051"},{"taxonomy":"post_tag","embeddable":true,"href":"https:\/\/crkdr-nouvelleaquitaine.fr\/index.php\/wp-json\/wp\/v2\/tags?post=2051"}],"curies":[{"name":"wp","href":"https:\/\/api.w.org\/{rel}","templated":true}]}}